{"id":10158,"date":"2018-05-08T09:35:06","date_gmt":"2018-05-08T07:35:06","guid":{"rendered":"http:\/\/www.angellelui.ch\/new\/?p=10158"},"modified":"2018-05-08T09:40:23","modified_gmt":"2018-05-08T07:40:23","slug":"cadeau-pour-la-fete-des-meres","status":"publish","type":"post","link":"https:\/\/www.angellelui.ch\/new\/cadeau-pour-la-fete-des-meres\/","title":{"rendered":"Cadeau pour la f\u00eate des m\u00e8res"},"content":{"rendered":"<h3>\u00a020 CHF offert sur votre Cadeau pour la f\u00eate des m\u00e8res! Faites plaisir \u00e0 votre maman qui le m\u00e9rite tellement.<\/h3>\n<p>&nbsp;<\/p>\n<h4>Pour la f\u00eate des m\u00e8res, votre bon de 100 CHF vous revient a 80 CHF seulement.\u00a0Votre bon cadeau de 50 CHF vous revient \u00e0 30 CHF seulement!<\/h4>\n<p>Profitez d&rsquo;un \u00a0bon de 20 CHF sur le soin de votre choix ou le bon cadeau pour la f\u00eate des m\u00e8res dans votre institut de beaut\u00e9 \u00e0 Gland\u00a0Ang&rsquo;elle &amp; lui.<\/p>\n<p>vanessa@angellelui.ch ou commandez directement votre bon cadeau sur:\u00a0http:\/\/www.angellelui.ch\/new\/produit\/autres-marques\/bon-cadeau-de-chf-100-pour-elle-ou-lui\/<\/p>\n<p>&nbsp;<\/p>\n<p>De la manucure au massage du corps ou encore des soins des pieds, en passant par les divers soins du visage, sans oublier l\u2019\u00e9pilation d\u00e9finitive \u00e0 la lampe Flash et les traitements anti-rides,\u00a0<strong>d\u00e9couvrez notre large gamme de soins sur notre site.<\/strong><\/p>\n<p>&nbsp;<\/p>\n<p><strong>Prenez un rendez-vous\u00a0<\/strong>\u00e0\u00a0l\u2019institut de beaut\u00e9 Ang\u2019elle &amp; lui et\u00a0vous vivrez une exp\u00e9rience unique tout en b\u00e9n\u00e9ficiant des meilleurs soins de beaut\u00e9. Notre mission est de vous faire sentir belle et beau.\u00a0<strong>Vous sortirez de notre institut de beaut\u00e9 relax\u00e9e, revitalis\u00e9e et enchant\u00e9e.<\/strong><\/p>\n","protected":false},"excerpt":{"rendered":"<p>\u00a020 CHF offert sur votre Cadeau pour la f\u00eate des m\u00e8res! Faites plaisir \u00e0 votre maman qui le m\u00e9rite tellement. &nbsp; Pour la f\u00eate des m\u00e8res, votre bon de 100 CHF vous revient a 80 CHF seulement.\u00a0Votre bon cadeau de 50 CHF vous revient \u00e0&#8230;<\/p>\n","protected":false},"author":1,"featured_media":10160,"comment_status":"closed","ping_status":"open","sticky":false,"template":"","format":"standard","meta":{"footnotes":""},"categories":[7],"tags":[],"class_list":["post-10158","post","type-post","status-publish","format-standard","has-post-thumbnail","hentry","category-promotions-diverses"],"yoast_head":"<!-- This site is optimized with the Yoast SEO plugin v27.4 - https:\/\/yoast.com\/product\/yoast-seo-wordpress\/ -->\n<title>Cadeau pour la f\u00eate des m\u00e8res Institut Ang&#039;elle &amp; lui Gland<\/title>\n<meta name=\"description\" content=\"20 CHFS de r\u00e9duction sur votre bon cadeau pour la f\u00eate des m\u00e8re ou sur le soin de votre choix dans votre institut de beaut\u00e9 \u00e0 Gland Ang&#039;elle &amp; lui\" \/>\n<meta name=\"robots\" content=\"index, follow, max-snippet:-1, max-image-preview:large, max-video-preview:-1\" \/>\n<link rel=\"canonical\" href=\"https:\/\/www.angellelui.ch\/new\/cadeau-pour-la-fete-des-meres\/\" \/>\n<meta property=\"og:locale\" content=\"fr_FR\" \/>\n<meta property=\"og:type\" content=\"article\" \/>\n<meta property=\"og:title\" content=\"Cadeau pour la f\u00eate des m\u00e8res Institut Ang&#039;elle &amp; lui Gland\" \/>\n<meta property=\"og:description\" content=\"20 CHFS de r\u00e9duction sur votre bon cadeau pour la f\u00eate des m\u00e8re ou sur le soin de votre choix dans votre institut de beaut\u00e9 \u00e0 Gland Ang&#039;elle &amp; lui\" \/>\n<meta property=\"og:url\" content=\"https:\/\/www.angellelui.ch\/new\/cadeau-pour-la-fete-des-meres\/\" \/>\n<meta property=\"og:site_name\" content=\"Ang&#039;elle &amp; lui \u00e0 Gland\" \/>\n<meta property=\"article:publisher\" content=\"https:\/\/www.facebook.com\/AngelleluiVanessa\/\" \/>\n<meta property=\"article:published_time\" content=\"2018-05-08T07:35:06+00:00\" \/>\n<meta property=\"article:modified_time\" content=\"2018-05-08T07:40:23+00:00\" \/>\n<meta property=\"og:image\" content=\"https:\/\/www.angellelui.ch\/new\/wp-content\/uploads\/2018\/05\/bon-20Chf-Angelle-.jpg\" \/>\n\t<meta property=\"og:image:width\" content=\"718\" \/>\n\t<meta property=\"og:image:height\" content=\"1036\" \/>\n\t<meta property=\"og:image:type\" content=\"image\/jpeg\" \/>\n<meta name=\"author\" content=\"admin\" \/>\n<meta name=\"twitter:label1\" content=\"\u00c9crit par\" \/>\n\t<meta name=\"twitter:data1\" content=\"admin\" \/>\n\t<meta name=\"twitter:label2\" content=\"Dur\u00e9e de lecture estim\u00e9e\" \/>\n\t<meta name=\"twitter:data2\" content=\"1 minute\" \/>\n<script type=\"application\/ld+json\" class=\"yoast-schema-graph\">{\"@context\":\"https:\\\/\\\/schema.org\",\"@graph\":[{\"@type\":\"Article\",\"@id\":\"https:\\\/\\\/www.angellelui.ch\\\/new\\\/cadeau-pour-la-fete-des-meres\\\/#article\",\"isPartOf\":{\"@id\":\"https:\\\/\\\/www.angellelui.ch\\\/new\\\/cadeau-pour-la-fete-des-meres\\\/\"},\"author\":{\"name\":\"admin\",\"@id\":\"https:\\\/\\\/www.angellelui.ch\\\/new\\\/#\\\/schema\\\/person\\\/610352f88abf36c6c38a74bcba23f58c\"},\"headline\":\"Cadeau pour la f\u00eate des m\u00e8res\",\"datePublished\":\"2018-05-08T07:35:06+00:00\",\"dateModified\":\"2018-05-08T07:40:23+00:00\",\"mainEntityOfPage\":{\"@id\":\"https:\\\/\\\/www.angellelui.ch\\\/new\\\/cadeau-pour-la-fete-des-meres\\\/\"},\"wordCount\":205,\"image\":{\"@id\":\"https:\\\/\\\/www.angellelui.ch\\\/new\\\/cadeau-pour-la-fete-des-meres\\\/#primaryimage\"},\"thumbnailUrl\":\"https:\\\/\\\/www.angellelui.ch\\\/new\\\/wp-content\\\/uploads\\\/2018\\\/05\\\/bon-20Chf-Angelle-.jpg\",\"articleSection\":[\"Promotions Diverses\"],\"inLanguage\":\"fr-FR\"},{\"@type\":\"WebPage\",\"@id\":\"https:\\\/\\\/www.angellelui.ch\\\/new\\\/cadeau-pour-la-fete-des-meres\\\/\",\"url\":\"https:\\\/\\\/www.angellelui.ch\\\/new\\\/cadeau-pour-la-fete-des-meres\\\/\",\"name\":\"Cadeau pour la f\u00eate des m\u00e8res Institut Ang'elle & lui Gland\",\"isPartOf\":{\"@id\":\"https:\\\/\\\/www.angellelui.ch\\\/new\\\/#website\"},\"primaryImageOfPage\":{\"@id\":\"https:\\\/\\\/www.angellelui.ch\\\/new\\\/cadeau-pour-la-fete-des-meres\\\/#primaryimage\"},\"image\":{\"@id\":\"https:\\\/\\\/www.angellelui.ch\\\/new\\\/cadeau-pour-la-fete-des-meres\\\/#primaryimage\"},\"thumbnailUrl\":\"https:\\\/\\\/www.angellelui.ch\\\/new\\\/wp-content\\\/uploads\\\/2018\\\/05\\\/bon-20Chf-Angelle-.jpg\",\"datePublished\":\"2018-05-08T07:35:06+00:00\",\"dateModified\":\"2018-05-08T07:40:23+00:00\",\"author\":{\"@id\":\"https:\\\/\\\/www.angellelui.ch\\\/new\\\/#\\\/schema\\\/person\\\/610352f88abf36c6c38a74bcba23f58c\"},\"description\":\"20 CHFS de r\u00e9duction sur votre bon cadeau pour la f\u00eate des m\u00e8re ou sur le soin de votre choix dans votre institut de beaut\u00e9 \u00e0 Gland Ang'elle & lui\",\"breadcrumb\":{\"@id\":\"https:\\\/\\\/www.angellelui.ch\\\/new\\\/cadeau-pour-la-fete-des-meres\\\/#breadcrumb\"},\"inLanguage\":\"fr-FR\",\"potentialAction\":[{\"@type\":\"ReadAction\",\"target\":[\"https:\\\/\\\/www.angellelui.ch\\\/new\\\/cadeau-pour-la-fete-des-meres\\\/\"]}]},{\"@type\":\"ImageObject\",\"inLanguage\":\"fr-FR\",\"@id\":\"https:\\\/\\\/www.angellelui.ch\\\/new\\\/cadeau-pour-la-fete-des-meres\\\/#primaryimage\",\"url\":\"https:\\\/\\\/www.angellelui.ch\\\/new\\\/wp-content\\\/uploads\\\/2018\\\/05\\\/bon-20Chf-Angelle-.jpg\",\"contentUrl\":\"https:\\\/\\\/www.angellelui.ch\\\/new\\\/wp-content\\\/uploads\\\/2018\\\/05\\\/bon-20Chf-Angelle-.jpg\",\"width\":718,\"height\":1036,\"caption\":\"bon cadeau 20 CHF soin du visage microblading \u00e0 Glad\"},{\"@type\":\"BreadcrumbList\",\"@id\":\"https:\\\/\\\/www.angellelui.ch\\\/new\\\/cadeau-pour-la-fete-des-meres\\\/#breadcrumb\",\"itemListElement\":[{\"@type\":\"ListItem\",\"position\":1,\"name\":\"Accueil\",\"item\":\"https:\\\/\\\/www.angellelui.ch\\\/new\\\/\"},{\"@type\":\"ListItem\",\"position\":2,\"name\":\"Cadeau pour la f\u00eate des m\u00e8res\"}]},{\"@type\":\"WebSite\",\"@id\":\"https:\\\/\\\/www.angellelui.ch\\\/new\\\/#website\",\"url\":\"https:\\\/\\\/www.angellelui.ch\\\/new\\\/\",\"name\":\"Ang'elle & lui \u00e0 Gland\",\"description\":\"Institut de beaut\u00e9 pour votre bien-\u00eatre \u00e0 Gland\",\"potentialAction\":[{\"@type\":\"SearchAction\",\"target\":{\"@type\":\"EntryPoint\",\"urlTemplate\":\"https:\\\/\\\/www.angellelui.ch\\\/new\\\/?s={search_term_string}\"},\"query-input\":{\"@type\":\"PropertyValueSpecification\",\"valueRequired\":true,\"valueName\":\"search_term_string\"}}],\"inLanguage\":\"fr-FR\"},{\"@type\":\"Person\",\"@id\":\"https:\\\/\\\/www.angellelui.ch\\\/new\\\/#\\\/schema\\\/person\\\/610352f88abf36c6c38a74bcba23f58c\",\"name\":\"admin\",\"image\":{\"@type\":\"ImageObject\",\"inLanguage\":\"fr-FR\",\"@id\":\"https:\\\/\\\/secure.gravatar.com\\\/avatar\\\/c203c754279ac4eab1fc15011c5053d802fa0f2375ef30aea90dcf2acb5da348?s=96&d=mm&r=g\",\"url\":\"https:\\\/\\\/secure.gravatar.com\\\/avatar\\\/c203c754279ac4eab1fc15011c5053d802fa0f2375ef30aea90dcf2acb5da348?s=96&d=mm&r=g\",\"contentUrl\":\"https:\\\/\\\/secure.gravatar.com\\\/avatar\\\/c203c754279ac4eab1fc15011c5053d802fa0f2375ef30aea90dcf2acb5da348?s=96&d=mm&r=g\",\"caption\":\"admin\"},\"description\":\"Webdesigner freelance\",\"sameAs\":[\"https:\\\/\\\/www.angellelui.ch\"],\"url\":\"https:\\\/\\\/www.angellelui.ch\\\/new\\\/author\\\/admin\\\/\"}]}<\/script>\n<!-- \/ Yoast SEO plugin. -->","yoast_head_json":{"title":"Cadeau pour la f\u00eate des m\u00e8res Institut Ang'elle & lui Gland","description":"20 CHFS de r\u00e9duction sur votre bon cadeau pour la f\u00eate des m\u00e8re ou sur le soin de votre choix dans votre institut de beaut\u00e9 \u00e0 Gland Ang'elle & lui","robots":{"index":"index","follow":"follow","max-snippet":"max-snippet:-1","max-image-preview":"max-image-preview:large","max-video-preview":"max-video-preview:-1"},"canonical":"https:\/\/www.angellelui.ch\/new\/cadeau-pour-la-fete-des-meres\/","og_locale":"fr_FR","og_type":"article","og_title":"Cadeau pour la f\u00eate des m\u00e8res Institut Ang'elle & lui Gland","og_description":"20 CHFS de r\u00e9duction sur votre bon cadeau pour la f\u00eate des m\u00e8re ou sur le soin de votre choix dans votre institut de beaut\u00e9 \u00e0 Gland Ang'elle & lui","og_url":"https:\/\/www.angellelui.ch\/new\/cadeau-pour-la-fete-des-meres\/","og_site_name":"Ang&#039;elle &amp; lui \u00e0 Gland","article_publisher":"https:\/\/www.facebook.com\/AngelleluiVanessa\/","article_published_time":"2018-05-08T07:35:06+00:00","article_modified_time":"2018-05-08T07:40:23+00:00","og_image":[{"width":718,"height":1036,"url":"https:\/\/www.angellelui.ch\/new\/wp-content\/uploads\/2018\/05\/bon-20Chf-Angelle-.jpg","type":"image\/jpeg"}],"author":"admin","twitter_misc":{"\u00c9crit par":"admin","Dur\u00e9e de lecture estim\u00e9e":"1 minute"},"schema":{"@context":"https:\/\/schema.org","@graph":[{"@type":"Article","@id":"https:\/\/www.angellelui.ch\/new\/cadeau-pour-la-fete-des-meres\/#article","isPartOf":{"@id":"https:\/\/www.angellelui.ch\/new\/cadeau-pour-la-fete-des-meres\/"},"author":{"name":"admin","@id":"https:\/\/www.angellelui.ch\/new\/#\/schema\/person\/610352f88abf36c6c38a74bcba23f58c"},"headline":"Cadeau pour la f\u00eate des m\u00e8res","datePublished":"2018-05-08T07:35:06+00:00","dateModified":"2018-05-08T07:40:23+00:00","mainEntityOfPage":{"@id":"https:\/\/www.angellelui.ch\/new\/cadeau-pour-la-fete-des-meres\/"},"wordCount":205,"image":{"@id":"https:\/\/www.angellelui.ch\/new\/cadeau-pour-la-fete-des-meres\/#primaryimage"},"thumbnailUrl":"https:\/\/www.angellelui.ch\/new\/wp-content\/uploads\/2018\/05\/bon-20Chf-Angelle-.jpg","articleSection":["Promotions Diverses"],"inLanguage":"fr-FR"},{"@type":"WebPage","@id":"https:\/\/www.angellelui.ch\/new\/cadeau-pour-la-fete-des-meres\/","url":"https:\/\/www.angellelui.ch\/new\/cadeau-pour-la-fete-des-meres\/","name":"Cadeau pour la f\u00eate des m\u00e8res Institut Ang'elle & lui Gland","isPartOf":{"@id":"https:\/\/www.angellelui.ch\/new\/#website"},"primaryImageOfPage":{"@id":"https:\/\/www.angellelui.ch\/new\/cadeau-pour-la-fete-des-meres\/#primaryimage"},"image":{"@id":"https:\/\/www.angellelui.ch\/new\/cadeau-pour-la-fete-des-meres\/#primaryimage"},"thumbnailUrl":"https:\/\/www.angellelui.ch\/new\/wp-content\/uploads\/2018\/05\/bon-20Chf-Angelle-.jpg","datePublished":"2018-05-08T07:35:06+00:00","dateModified":"2018-05-08T07:40:23+00:00","author":{"@id":"https:\/\/www.angellelui.ch\/new\/#\/schema\/person\/610352f88abf36c6c38a74bcba23f58c"},"description":"20 CHFS de r\u00e9duction sur votre bon cadeau pour la f\u00eate des m\u00e8re ou sur le soin de votre choix dans votre institut de beaut\u00e9 \u00e0 Gland Ang'elle & lui","breadcrumb":{"@id":"https:\/\/www.angellelui.ch\/new\/cadeau-pour-la-fete-des-meres\/#breadcrumb"},"inLanguage":"fr-FR","potentialAction":[{"@type":"ReadAction","target":["https:\/\/www.angellelui.ch\/new\/cadeau-pour-la-fete-des-meres\/"]}]},{"@type":"ImageObject","inLanguage":"fr-FR","@id":"https:\/\/www.angellelui.ch\/new\/cadeau-pour-la-fete-des-meres\/#primaryimage","url":"https:\/\/www.angellelui.ch\/new\/wp-content\/uploads\/2018\/05\/bon-20Chf-Angelle-.jpg","contentUrl":"https:\/\/www.angellelui.ch\/new\/wp-content\/uploads\/2018\/05\/bon-20Chf-Angelle-.jpg","width":718,"height":1036,"caption":"bon cadeau 20 CHF soin du visage microblading \u00e0 Glad"},{"@type":"BreadcrumbList","@id":"https:\/\/www.angellelui.ch\/new\/cadeau-pour-la-fete-des-meres\/#breadcrumb","itemListElement":[{"@type":"ListItem","position":1,"name":"Accueil","item":"https:\/\/www.angellelui.ch\/new\/"},{"@type":"ListItem","position":2,"name":"Cadeau pour la f\u00eate des m\u00e8res"}]},{"@type":"WebSite","@id":"https:\/\/www.angellelui.ch\/new\/#website","url":"https:\/\/www.angellelui.ch\/new\/","name":"Ang'elle & lui \u00e0 Gland","description":"Institut de beaut\u00e9 pour votre bien-\u00eatre \u00e0 Gland","potentialAction":[{"@type":"SearchAction","target":{"@type":"EntryPoint","urlTemplate":"https:\/\/www.angellelui.ch\/new\/?s={search_term_string}"},"query-input":{"@type":"PropertyValueSpecification","valueRequired":true,"valueName":"search_term_string"}}],"inLanguage":"fr-FR"},{"@type":"Person","@id":"https:\/\/www.angellelui.ch\/new\/#\/schema\/person\/610352f88abf36c6c38a74bcba23f58c","name":"admin","image":{"@type":"ImageObject","inLanguage":"fr-FR","@id":"https:\/\/secure.gravatar.com\/avatar\/c203c754279ac4eab1fc15011c5053d802fa0f2375ef30aea90dcf2acb5da348?s=96&d=mm&r=g","url":"https:\/\/secure.gravatar.com\/avatar\/c203c754279ac4eab1fc15011c5053d802fa0f2375ef30aea90dcf2acb5da348?s=96&d=mm&r=g","contentUrl":"https:\/\/secure.gravatar.com\/avatar\/c203c754279ac4eab1fc15011c5053d802fa0f2375ef30aea90dcf2acb5da348?s=96&d=mm&r=g","caption":"admin"},"description":"Webdesigner freelance","sameAs":["https:\/\/www.angellelui.ch"],"url":"https:\/\/www.angellelui.ch\/new\/author\/admin\/"}]}},"_links":{"self":[{"href":"https:\/\/www.angellelui.ch\/new\/wp-json\/wp\/v2\/posts\/10158","targetHints":{"allow":["GET"]}}],"collection":[{"href":"https:\/\/www.angellelui.ch\/new\/wp-json\/wp\/v2\/posts"}],"about":[{"href":"https:\/\/www.angellelui.ch\/new\/wp-json\/wp\/v2\/types\/post"}],"author":[{"embeddable":true,"href":"https:\/\/www.angellelui.ch\/new\/wp-json\/wp\/v2\/users\/1"}],"replies":[{"embeddable":true,"href":"https:\/\/www.angellelui.ch\/new\/wp-json\/wp\/v2\/comments?post=10158"}],"version-history":[{"count":5,"href":"https:\/\/www.angellelui.ch\/new\/wp-json\/wp\/v2\/posts\/10158\/revisions"}],"predecessor-version":[{"id":10165,"href":"https:\/\/www.angellelui.ch\/new\/wp-json\/wp\/v2\/posts\/10158\/revisions\/10165"}],"wp:featuredmedia":[{"embeddable":true,"href":"https:\/\/www.angellelui.ch\/new\/wp-json\/wp\/v2\/media\/10160"}],"wp:attachment":[{"href":"https:\/\/www.angellelui.ch\/new\/wp-json\/wp\/v2\/media?parent=10158"}],"wp:term":[{"taxonomy":"category","embeddable":true,"href":"https:\/\/www.angellelui.ch\/new\/wp-json\/wp\/v2\/categories?post=10158"},{"taxonomy":"post_tag","embeddable":true,"href":"https:\/\/www.angellelui.ch\/new\/wp-json\/wp\/v2\/tags?post=10158"}],"curies":[{"name":"wp","href":"https:\/\/api.w.org\/{rel}","templated":true}]}}